{"id":149,"date":"2020-04-28T11:21:03","date_gmt":"2020-04-28T11:21:03","guid":{"rendered":"https:\/\/proteccioncivil.elejido.es\/?p=149"},"modified":"2020-05-12T12:23:45","modified_gmt":"2020-05-12T12:23:45","slug":"servicio-de-atencion-a-mayores-personas-con-discapacidad-o-en-situacion-de-vulnerabilidad","status":"publish","type":"post","link":"https:\/\/proteccioncivil.elejido.es\/?p=149","title":{"rendered":"Servicio de atenci\u00f3n a mayores, personas con discapacidad o en situaci\u00f3n de vulnerabilidad"},"content":{"rendered":"<p>Voluntarios de Protecci\u00f3n Civil de El Ejido mantienen activo a diario el servicio de atenci\u00f3n a mayores, personas con discapacidad, movilidad reducida o en situaci\u00f3n de vulnerabilidad en el reparto de comida y medicinas y en la realizaci\u00f3n de gestiones prioritarias coordinadas por el \u00c1rea de Servicios Sociales<\/p>\n","protected":false},"excerpt":{"rendered":"<p>Voluntarios de Protecci\u00f3n Civil de El Ejido mantienen activo a diario el servicio de atenci\u00f3n a mayores, personas con discapacidad, movilidad reducida o en situaci\u00f3n de vulnerabilidad en el reparto de comida y medicinas y en la realizaci\u00f3n de gestiones prioritarias coordinadas por el \u00c1rea de Servicios Sociales <a class=\"continue-reading-link\" href=\"https:\/\/proteccioncivil.elejido.es\/?p=149\">Leer m\u00e1s<\/a><\/p>\n","protected":false},"author":1,"featured_media":150,"comment_status":"closed","ping_status":"closed","sticky":false,"template":"","format":"standard","meta":{"footnotes":""},"categories":[4],"tags":[],"class_list":["post-149","post","type-post","status-publish","format-standard","has-post-thumbnail","hentry","category-noticias"],"_links":{"self":[{"href":"https:\/\/proteccioncivil.elejido.es\/index.php?rest_route=\/wp\/v2\/posts\/149","targetHints":{"allow":["GET"]}}],"collection":[{"href":"https:\/\/proteccioncivil.elejido.es\/index.php?rest_route=\/wp\/v2\/posts"}],"about":[{"href":"https:\/\/proteccioncivil.elejido.es\/index.php?rest_route=\/wp\/v2\/types\/post"}],"author":[{"embeddable":true,"href":"https:\/\/proteccioncivil.elejido.es\/index.php?rest_route=\/wp\/v2\/users\/1"}],"replies":[{"embeddable":true,"href":"https:\/\/proteccioncivil.elejido.es\/index.php?rest_route=%2Fwp%2Fv2%2Fcomments&post=149"}],"version-history":[{"count":1,"href":"https:\/\/proteccioncivil.elejido.es\/index.php?rest_route=\/wp\/v2\/posts\/149\/revisions"}],"predecessor-version":[{"id":151,"href":"https:\/\/proteccioncivil.elejido.es\/index.php?rest_route=\/wp\/v2\/posts\/149\/revisions\/151"}],"wp:featuredmedia":[{"embeddable":true,"href":"https:\/\/proteccioncivil.elejido.es\/index.php?rest_route=\/wp\/v2\/media\/150"}],"wp:attachment":[{"href":"https:\/\/proteccioncivil.elejido.es\/index.php?rest_route=%2Fwp%2Fv2%2Fmedia&parent=149"}],"wp:term":[{"taxonomy":"category","embeddable":true,"href":"https:\/\/proteccioncivil.elejido.es\/index.php?rest_route=%2Fwp%2Fv2%2Fcategories&post=149"},{"taxonomy":"post_tag","embeddable":true,"href":"https:\/\/proteccioncivil.elejido.es\/index.php?rest_route=%2Fwp%2Fv2%2Ftags&post=149"}],"curies":[{"name":"wp","href":"https:\/\/api.w.org\/{rel}","templated":true}]}}